{"id":1166,"date":"2016-10-15T10:26:51","date_gmt":"2016-10-15T10:26:51","guid":{"rendered":"http:\/\/rociodoshermanas.es\/?p=1166"},"modified":"2016-10-15T10:36:01","modified_gmt":"2016-10-15T10:36:01","slug":"ii-carreras-de-cintas-a-caballo","status":"publish","type":"post","link":"https:\/\/rociodoshermanas.es\/?p=1166","title":{"rendered":"II Carreras de Cintas a Caballo"},"content":{"rendered":"<p>El pr\u00f3ximo domingo 13 de noviembre, a las 11:00 horas, en el Recinto Ferial , nuestra Hermandad vuelve a organizar a trav\u00e9s de su Alcald\u00eda de Carretas y Comisi\u00f3n de Carretas, la \u201cII Carreras de Cintas a Caballo\u201d. \u00a0Para todos aquellos aficionados que quieran participar con un m\u00e1ximo estipulado de 30 caballos.<!--more-->-La inscripci\u00f3n tiene un precio \u00fanico de 25 \u20ac<\/p>\n<p>-D\u00edas y horario de inscripci\u00f3n: del 7 al 9 de noviembre, de 19:00 a 21:00 horas, en nuestra casa Hdad. de la calle Alcoba.<\/p>\n<p>-Obligatorio el seguro de responsabilidad civil.<\/p>\n<p style=\"text-align: center;\"><strong><u>PREMIOS<\/u><\/strong><\/p>\n<p style=\"text-align: center;\"><strong>1\u00ba 400 EUROS + CABEZAL DE CUADRA<\/strong><\/p>\n<p style=\"text-align: center;\"><strong>2\u00ba 250 EUROS\u00a0 + CABEZAL DE CUADRA<\/strong><\/p>\n<p style=\"text-align: center;\"><strong>3\u00ba 100 EUROS + CABEZAL DE CUADRA<\/strong><\/p>\n<p style=\"text-align: center;\"><strong>4\u00ba CABEZADA VAQUERA<\/strong><\/p>\n<p style=\"text-align: center;\"><strong>5\u00ba CABEZADA VAQUERA<\/strong><\/p>\n<p style=\"text-align: center;\"><strong>6\u00ba CABEZADA VAQUERA<\/strong><\/p>\n<p style=\"text-align: center;\"><strong>7\u00baCABEZADA VAQUERA<\/strong><\/p>\n<p style=\"text-align: center;\"><strong>8\u00ba PECTORAL VAQUERO<\/strong><\/p>\n<p style=\"text-align: center;\"><strong>9\u00ba PROTECTORES<\/strong><\/p>\n<p style=\"text-align: center;\"><strong>10\u00ba SOMBRERO DE ALA ANCHA<\/strong><\/p>\n<p style=\"text-align: center;\"><strong>HABR\u00c1 CINTAS PREMIADAS<\/strong><\/p>\n<p><strong>\u00a0<\/strong>Contaremos con servicio de bar, en la caseta de la Hermandad de Ntra. Se\u00f1ora de La Amargura, adem\u00e1s de diversas actuaciones que amenizaran la jornada.<\/p>\n<p style=\"text-align: right;\">www.rociodoshermanas.es<\/p>\n","protected":false},"excerpt":{"rendered":"<p>El pr\u00f3ximo domingo 13 de noviembre, a las 11:00 horas, en el Recinto Ferial , nuestra Hermandad vuelve a organizar a trav\u00e9s de su Alcald\u00eda de Carretas y Comisi\u00f3n de Carretas, la<a class=\"moretag\" href=\"https:\/\/rociodoshermanas.es\/?p=1166\">Leer m\u00e1s&#8230;<\/a><\/p>\n","protected":false},"author":1,"featured_media":1167,"comment_status":"open","ping_status":"closed","sticky":false,"template":"","format":"standard","meta":{"jetpack_post_was_ever_published":false,"_jetpack_newsletter_access":"","_jetpack_dont_email_post_to_subs":false,"_jetpack_newsletter_tier_id":0,"_jetpack_memberships_contains_paywalled_content":false,"_jetpack_memberships_contains_paid_content":false,"footnotes":"","jetpack_publicize_message":"","jetpack_publicize_feature_enabled":true,"jetpack_social_post_already_shared":false,"jetpack_social_options":{"image_generator_settings":{"template":"highway","default_image_id":0,"font":"","enabled":false},"version":2}},"categories":[7],"tags":[8],"class_list":["post-1166","post","type-post","status-publish","format-standard","has-post-thumbnail","hentry","category-alcaldia-de-carretas","tag-alcaldia-de-carretas"],"jetpack_publicize_connections":[],"jetpack_featured_media_url":"https:\/\/rociodoshermanas.es\/wp-content\/uploads\/2016\/10\/CARTEL-CARRERA-CINTAS-2016-1.jpg","jetpack_sharing_enabled":true,"jetpack_shortlink":"https:\/\/wp.me\/p8wOBG-iO","_links":{"self":[{"href":"https:\/\/rociodoshermanas.es\/index.php?rest_route=\/wp\/v2\/posts\/1166","targetHints":{"allow":["GET"]}}],"collection":[{"href":"https:\/\/rociodoshermanas.es\/index.php?rest_route=\/wp\/v2\/posts"}],"about":[{"href":"https:\/\/rociodoshermanas.es\/index.php?rest_route=\/wp\/v2\/types\/post"}],"author":[{"embeddable":true,"href":"https:\/\/rociodoshermanas.es\/index.php?rest_route=\/wp\/v2\/users\/1"}],"replies":[{"embeddable":true,"href":"https:\/\/rociodoshermanas.es\/index.php?rest_route=%2Fwp%2Fv2%2Fcomments&post=1166"}],"version-history":[{"count":2,"href":"https:\/\/rociodoshermanas.es\/index.php?rest_route=\/wp\/v2\/posts\/1166\/revisions"}],"predecessor-version":[{"id":1171,"href":"https:\/\/rociodoshermanas.es\/index.php?rest_route=\/wp\/v2\/posts\/1166\/revisions\/1171"}],"wp:featuredmedia":[{"embeddable":true,"href":"https:\/\/rociodoshermanas.es\/index.php?rest_route=\/wp\/v2\/media\/1167"}],"wp:attachment":[{"href":"https:\/\/rociodoshermanas.es\/index.php?rest_route=%2Fwp%2Fv2%2Fmedia&parent=1166"}],"wp:term":[{"taxonomy":"category","embeddable":true,"href":"https:\/\/rociodoshermanas.es\/index.php?rest_route=%2Fwp%2Fv2%2Fcategories&post=1166"},{"taxonomy":"post_tag","embeddable":true,"href":"https:\/\/rociodoshermanas.es\/index.php?rest_route=%2Fwp%2Fv2%2Ftags&post=1166"}],"curies":[{"name":"wp","href":"https:\/\/api.w.org\/{rel}","templated":true}]}}