{"id":1288,"date":"2017-08-24T15:15:16","date_gmt":"2017-08-24T15:15:16","guid":{"rendered":"http:\/\/rociodoshermanas.es\/?p=1288"},"modified":"2017-08-24T15:15:16","modified_gmt":"2017-08-24T15:15:16","slug":"proximo-4-de-septiembre-misa-de-hermandad","status":"publish","type":"post","link":"https:\/\/rociodoshermanas.es\/?p=1288","title":{"rendered":"Pr\u00f3ximo 4 de Septiembre Misa de Hermandad"},"content":{"rendered":"<p>El pr\u00f3ximo Lunes, 4 de Septiembre a las 20.45 horas, tendr\u00e1 lugar Misa de Hermandad en nuestra Sede Can\u00f3nica, la Parroquia de Santa Mar\u00eda Magdalena de nuestra ciudad. Aplic\u00e1ndose en sufragio de las almas de nuestros Hermanos Difuntos que a continuaci\u00f3n se detallan:<\/p>\n<p>D. Jose Garc\u00eda Cebador.<\/p>\n<p>D. Juan Varela G\u00f3mez.<\/p>\n<p>D. Manuel Ramirez Garc\u00eda.<\/p>\n<p>D. Jose Antonio Ramirez del R\u00edo.<\/p>\n<p>D. Jose Manuel Forero Pineda.<\/p>\n<p>D\u00f1a. Josefa Arahal Dur\u00e1n.<\/p>\n<p><!--more-->Al t\u00e9rmino de la Sagrada Eucarist\u00eda y ante el Altar de Nuestro Bendito y Venerado Simpecado de Nuestra Se\u00f1ora del Roc\u00edo de Dos Hermanas, se entonar\u00e1 el canto solemne de la Salve, estando aplicada tambi\u00e9n por los citados Hermanos Difuntos.<\/p>\n<p>Se recuerda a todos los hermanos\/as la obligaci\u00f3n que tienen de asistir a la Santa Misa de Hermandad, as\u00ed como portar la medalla de nuestra corporaci\u00f3n.<\/p>\n<p>&nbsp;<\/p>\n","protected":false},"excerpt":{"rendered":"<p>El pr\u00f3ximo Lunes, 4 de Septiembre a las 20.45 horas, tendr\u00e1 lugar Misa de Hermandad en nuestra Sede Can\u00f3nica, la Parroquia de Santa Mar\u00eda Magdalena de nuestra ciudad. Aplic\u00e1ndose en sufragio de<a class=\"moretag\" href=\"https:\/\/rociodoshermanas.es\/?p=1288\">Leer m\u00e1s&#8230;<\/a><\/p>\n","protected":false},"author":3,"featured_media":5,"comment_status":"open","ping_status":"closed","sticky":false,"template":"","format":"standard","meta":{"jetpack_post_was_ever_published":false,"_jetpack_newsletter_access":"","_jetpack_dont_email_post_to_subs":false,"_jetpack_newsletter_tier_id":0,"_jetpack_memberships_contains_paywalled_content":false,"_jetpack_memberships_contains_paid_content":false,"footnotes":"","jetpack_publicize_message":"","jetpack_publicize_feature_enabled":true,"jetpack_social_post_already_shared":true,"jetpack_social_options":{"image_generator_settings":{"template":"highway","default_image_id":0,"font":"","enabled":false},"version":2}},"categories":[1],"tags":[],"class_list":["post-1288","post","type-post","status-publish","format-standard","has-post-thumbnail","hentry","category-uncategorized"],"jetpack_publicize_connections":[],"jetpack_featured_media_url":"https:\/\/rociodoshermanas.es\/wp-content\/uploads\/2016\/04\/cropped-ESCUDO.jpg","jetpack_sharing_enabled":true,"jetpack_shortlink":"https:\/\/wp.me\/p8wOBG-kM","_links":{"self":[{"href":"https:\/\/rociodoshermanas.es\/index.php?rest_route=\/wp\/v2\/posts\/1288","targetHints":{"allow":["GET"]}}],"collection":[{"href":"https:\/\/rociodoshermanas.es\/index.php?rest_route=\/wp\/v2\/posts"}],"about":[{"href":"https:\/\/rociodoshermanas.es\/index.php?rest_route=\/wp\/v2\/types\/post"}],"author":[{"embeddable":true,"href":"https:\/\/rociodoshermanas.es\/index.php?rest_route=\/wp\/v2\/users\/3"}],"replies":[{"embeddable":true,"href":"https:\/\/rociodoshermanas.es\/index.php?rest_route=%2Fwp%2Fv2%2Fcomments&post=1288"}],"version-history":[{"count":1,"href":"https:\/\/rociodoshermanas.es\/index.php?rest_route=\/wp\/v2\/posts\/1288\/revisions"}],"predecessor-version":[{"id":1289,"href":"https:\/\/rociodoshermanas.es\/index.php?rest_route=\/wp\/v2\/posts\/1288\/revisions\/1289"}],"wp:featuredmedia":[{"embeddable":true,"href":"https:\/\/rociodoshermanas.es\/index.php?rest_route=\/wp\/v2\/media\/5"}],"wp:attachment":[{"href":"https:\/\/rociodoshermanas.es\/index.php?rest_route=%2Fwp%2Fv2%2Fmedia&parent=1288"}],"wp:term":[{"taxonomy":"category","embeddable":true,"href":"https:\/\/rociodoshermanas.es\/index.php?rest_route=%2Fwp%2Fv2%2Fcategories&post=1288"},{"taxonomy":"post_tag","embeddable":true,"href":"https:\/\/rociodoshermanas.es\/index.php?rest_route=%2Fwp%2Fv2%2Ftags&post=1288"}],"curies":[{"name":"wp","href":"https:\/\/api.w.org\/{rel}","templated":true}]}}