{"id":1434,"date":"2018-03-02T10:37:45","date_gmt":"2018-03-02T10:37:45","guid":{"rendered":"http:\/\/rociodoshermanas.es\/?p=1434"},"modified":"2018-03-02T10:37:45","modified_gmt":"2018-03-02T10:37:45","slug":"suspendida-la-convivencia-de-hermandad","status":"publish","type":"post","link":"https:\/\/rociodoshermanas.es\/?p=1434","title":{"rendered":"Suspendida La Convivencia de Hermandad."},"content":{"rendered":"<p>La Junta de Gobierno de la Real y Fervorosa Hermandad de Nuestra Se\u00f1ora Del Roc\u00edo de Dos Hermanas, con su Hermano Mayor al frente, comunica su decisi\u00f3n de suspender la tradicional jornada de convivencia prevista para este pr\u00f3ximo Domingo 4 de Marzo en el Recinto Ferial. El temporal de lluvia y viento que nos esta afectando durante la semana, se preve que contin\u00fae durante todo el fin de semana, no pudiendo garantizar la seguridad de los asistentes. Agradecemos a todos nuestros Hermanos y proveedores que tan gentilmente colaboran en la organizaci\u00f3n de este evento y en cuanto sea posible se comunicara la nueva fecha del mismo.<\/p>\n","protected":false},"excerpt":{"rendered":"<p>La Junta de Gobierno de la Real y Fervorosa Hermandad de Nuestra Se\u00f1ora Del Roc\u00edo de Dos Hermanas, con su Hermano Mayor al frente, comunica su decisi\u00f3n de suspender la tradicional jornada<a class=\"moretag\" href=\"https:\/\/rociodoshermanas.es\/?p=1434\">Leer m\u00e1s&#8230;<\/a><\/p>\n","protected":false},"author":3,"featured_media":5,"comment_status":"open","ping_status":"closed","sticky":false,"template":"","format":"standard","meta":{"jetpack_post_was_ever_published":false,"_jetpack_newsletter_access":"","_jetpack_dont_email_post_to_subs":false,"_jetpack_newsletter_tier_id":0,"_jetpack_memberships_contains_paywalled_content":false,"_jetpack_memberships_contains_paid_content":false,"footnotes":"","jetpack_publicize_message":"","jetpack_publicize_feature_enabled":true,"jetpack_social_post_already_shared":true,"jetpack_social_options":{"image_generator_settings":{"template":"highway","default_image_id":0,"font":"","enabled":false},"version":2}},"categories":[1],"tags":[],"class_list":["post-1434","post","type-post","status-publish","format-standard","has-post-thumbnail","hentry","category-uncategorized"],"jetpack_publicize_connections":[],"jetpack_featured_media_url":"https:\/\/rociodoshermanas.es\/wp-content\/uploads\/2016\/04\/cropped-ESCUDO.jpg","jetpack_sharing_enabled":true,"jetpack_shortlink":"https:\/\/wp.me\/p8wOBG-n8","_links":{"self":[{"href":"https:\/\/rociodoshermanas.es\/index.php?rest_route=\/wp\/v2\/posts\/1434","targetHints":{"allow":["GET"]}}],"collection":[{"href":"https:\/\/rociodoshermanas.es\/index.php?rest_route=\/wp\/v2\/posts"}],"about":[{"href":"https:\/\/rociodoshermanas.es\/index.php?rest_route=\/wp\/v2\/types\/post"}],"author":[{"embeddable":true,"href":"https:\/\/rociodoshermanas.es\/index.php?rest_route=\/wp\/v2\/users\/3"}],"replies":[{"embeddable":true,"href":"https:\/\/rociodoshermanas.es\/index.php?rest_route=%2Fwp%2Fv2%2Fcomments&post=1434"}],"version-history":[{"count":1,"href":"https:\/\/rociodoshermanas.es\/index.php?rest_route=\/wp\/v2\/posts\/1434\/revisions"}],"predecessor-version":[{"id":1435,"href":"https:\/\/rociodoshermanas.es\/index.php?rest_route=\/wp\/v2\/posts\/1434\/revisions\/1435"}],"wp:featuredmedia":[{"embeddable":true,"href":"https:\/\/rociodoshermanas.es\/index.php?rest_route=\/wp\/v2\/media\/5"}],"wp:attachment":[{"href":"https:\/\/rociodoshermanas.es\/index.php?rest_route=%2Fwp%2Fv2%2Fmedia&parent=1434"}],"wp:term":[{"taxonomy":"category","embeddable":true,"href":"https:\/\/rociodoshermanas.es\/index.php?rest_route=%2Fwp%2Fv2%2Fcategories&post=1434"},{"taxonomy":"post_tag","embeddable":true,"href":"https:\/\/rociodoshermanas.es\/index.php?rest_route=%2Fwp%2Fv2%2Ftags&post=1434"}],"curies":[{"name":"wp","href":"https:\/\/api.w.org\/{rel}","templated":true}]}}